{"id":1638,"date":"2024-09-16T11:01:33","date_gmt":"2024-09-16T10:01:33","guid":{"rendered":"http:\/\/vaheurope.eu\/?p=1638"},"modified":"2024-09-16T11:01:35","modified_gmt":"2024-09-16T10:01:35","slug":"la-synagogue-musee-de-la-ville-de-lucenec","status":"publish","type":"post","link":"https:\/\/vaheurope.eu\/?p=1638","title":{"rendered":"La Synagogue \u2013 mus\u00e9e de la ville de Lu\u010denec"},"content":{"rendered":"\n<p>Mgr Alice Hura \u2013 Charles Bugan<\/p>\n\n\n\n<p><strong>La synagogue de Lu\u010denec, un superbe \u00e9difice de style Art nouveau, est consid\u00e9r\u00e9e comme la plus grande synagogue de la Slovaquie. Class\u00e9e Monument culturel national de la Slovaquie le 4 septembre 2016. <\/strong><\/p>\n\n\n\n<p>Cette Synagogue de style Art nouveau avec une synth\u00e8se d\u2019influences mauresque et byzantine, fut b\u00e2tie suivant le projet d\u2019architecture de L\u00e9opold Baumhorn (*1860 &#8211; \u20201932) de Budapest, entre le 31 mars 1924 et le 8 septembre 1925.<\/p>\n\n\n\n<p>Le b\u00e2timent a \u00e9t\u00e9 constitu\u00e9 selon le mod\u00e8le de la synagogue du juda\u00efsme N\u00e9ologue, un courant r\u00e9form\u00e9 r\u00e9pandu d\u00e8s le 19e si\u00e8cle en Hongrie. En fait, il rempla\u00e7ait un ancien \u00e9difice juda\u00efque de 1863, alors d\u00e9truit.  <\/p>\n\n\n\n<p>Le d\u00f4me domine la haute structure d\u2019une hauteur de 31 m\u00e8tres. Sa coupole est haute de 19,5 m\u00e8tres et \u00e0 un diam\u00e8tre de 10,5 m. Il y a, de chaque c\u00f4t\u00e9 du d\u00f4me principal, deux petites tours coiff\u00e9es de coupoles plus petites. Sur le front occidental, repr\u00e9sentatif de l\u2019\u00e9difice, est ajout\u00e9 un portail monumental. La structure la plus basse est en b\u00e9ton arm\u00e9 et support\u00e9e par quatre piliers.<\/p>\n\n\n\n<p>L\u2019\u00e9difice est construit \u00e0 l\u2019aide de mat\u00e9riaux de construction diff\u00e9rents, comme pierres et briques. <\/p>\n\n\n\n<p>L\u2019\u00e9difice a \u00e9t\u00e9 utilis\u00e9 comme lieu du culte jusqu\u2019en 1944, puis l\u2019int\u00e9rieur de la synagogue a \u00e9t\u00e9 pill\u00e9. Apr\u00e8s la guerre, en d\u00e9cembre 1948 cet \u00e9difice est vendu par la communaut\u00e9 juive locale \u00e0 la ville de Lu\u010denec et il va alors servir en qualit\u00e9 de d\u00e9p\u00f4t de la ville et d\u2019autres, jusqu\u2019aux ann\u00e9es 80 du si\u00e8cle pass\u00e9.<\/p>\n\n\n\n<p>Le 22 novembre 1985, la Synagogue de Lu\u010denec est inscrite sur la Liste des monuments culturels slovaques. <\/p>\n\n\n\n<p><strong>Une r\u00e9novation heureuse<\/strong><\/p>\n\n\n\n<p>Deux campagnes pour des travaux de r\u00e9novation seront entreprises. <\/p>\n\n\n\n<p>La premi\u00e8re, du 1er juin 2015 au 31 d\u00e9cembre 2015, et la plus importante, comprend aussi les fen\u00eatres \u00e0 vitraux r\u00e9nov\u00e9s selon un projet d\u2019origine archiv\u00e9. Les jolis vitraux sont fabriqu\u00e9s par les artistes verriers avec la technique de verrerie \u2033Glass Fusing\u2033.<\/p>\n\n\n\n<p>La seconde campagne de r\u00e9novation commence au d\u00e9but de 2016 jusqu\u2019 au mois de mai 2016, et comprend les travaux d\u2019am\u00e9nagement int\u00e9rieur \u00e0 l\u2019aspect en valeur actuellement, ainsi que la restauration des structures d\u00e9coratives historiques de l\u2019\u00e9difice.<\/p>\n\n\n\n<p>La reconstruction de la Synagogue de Lu\u010denec est \u00e9valu\u00e9e pour une somme de 2,5 millions \u20ac dont 2,4 millions \u20ac sont financ\u00e9s par des Fonds europ\u00e9ens.<\/p>\n\n\n\n<p>D\u00e8s 2015, la synagogue est plac\u00e9e sous la gestion de LUKUS, organisation budg\u00e9taire de la ville de Lu\u010denec. <\/p>\n\n\n\n<p>Le 13 mai 2016, la Synagogue de Lu\u010denec a retrouv\u00e9 sa beaut\u00e9 et est ouverte au public et elle va servir d\u2019espace multiculturel ou de salle de concert. <\/p>\n\n\n\n<p>Sur le c\u00f4t\u00e9 droit de la Synagogue, depuis 2020 on peut voir l\u2019\u0153uvre artistique de la sculptrice slovaque Jaroslava \u0160ickov\u00e1-Fabrici (*1950), compos\u00e9e de dix panneaux \u00e9voquant les Dix Paroles du Dieu (transmises, selon la tradition biblique, de Dieu \u00e0 Mo\u00efse au mont Sina\u00ef). Sur ces panneaux de b\u00e9ton, les visiteurs ont pu accrocher leur propre court texte \u00e9crit, pour demander pardon, pr\u00e9senter ses excuses, \u00eatre d\u00e9sol\u00e9 ou avoir regret, etc. On y peut y lire, par exemple, \u2033Pardonne-moi\u2026, Je suis d\u00e9sol\u00e9\u2026, Excusez-moi\u2026\u2033<\/p>\n\n\n\n<p><strong>Visites :<\/strong><\/p>\n\n\n\n<p>Visites guid\u00e9es ; lundi ferm\u00e9. En semaine en \u00e9t\u00e9 (juillet-ao\u00fbt) : mercredi \u2013 samedi de 11 \u00e0 18 h et dimanche de 14 \u00e0 16 h. <\/p>\n\n\n\n<p>Possibilit\u00e9 de visites hors p\u00e9riode touristique en semaine. S\u2019adresser au Mus\u00e9e municipale de Lu\u010denec, une seule visite le samedi et le dimanche de 14 \u00e0 16 h. <\/p>\n\n\n\n<p>Droit d\u2019entr\u00e9e modique et r\u00e9duit pour les enfants. <\/p>\n\n\n\n<p><code><div id=\"envira-gallery-wrap-1643\" class=\"envira-gallery-wrap envira-gallery-theme-base envira-lightbox-theme-base\" itemscope itemtype=\"https:\/\/schema.org\/ImageGallery\"><div data-row-height=\"150\" data-gallery-theme=\"normal\" id=\"envira-gallery-1643\" class=\"envira-gallery-public envira-gallery-justified-public envira-gallery-0-columns envira-clear enviratope envira-gallery-css-animations\" data-envira-columns=\"0\"><div id=\"envira-gallery-item-1644\" class=\"envira-gallery-item enviratope-item envira-gallery-item-1 envira-lazy-load\" style=\"padding-left: 5px; padding-bottom: 10px; padding-right: 5px;\"  itemscope itemtype=\"https:\/\/schema.org\/ImageObject\"><div class=\"envira-gallery-item-inner\"><div class=\"envira-gallery-position-overlay  envira-gallery-top-left\"><\/div><div class=\"envira-gallery-position-overlay  envira-gallery-top-right\"><\/div><div class=\"envira-gallery-position-overlay  envira-gallery-bottom-left\"><\/div><div class=\"envira-gallery-position-overlay  envira-gallery-bottom-right\"><\/div><a href=\"https:\/\/vaheurope.eu\/wp-content\/uploads\/2024\/09\/1-Lucenec-Synagogue-AH-25-08-2024-3.jpg\" class=\"envira-gallery-1643 envira-gallery-link\" rel=\"enviragallery1643\" title=\"1 Synagogue-Mus\u00e9e de Lu\u010denec. Photo A.Hura-C.Bugan\" data-envira-caption=\"1 Synagogue-Mus\u00e9e de Lu\u010denec. Photo A.Hura-C.Bugan\" data-envira-retina=\"\" data-thumbnail=\"\"  itemprop=\"contentUrl\"><img id=\"envira-gallery-image-1644\" class=\"envira-gallery-image envira-gallery-image-1 envira-normal envira-lazy\" data-envira-index=\"1\" src=\"https:\/\/vaheurope.eu\/wp-content\/uploads\/2024\/09\/1-Lucenec-Synagogue-AH-25-08-2024-3-1024x768-640x480.jpg\" data-envira-src=\"https:\/\/vaheurope.eu\/wp-content\/uploads\/2024\/09\/1-Lucenec-Synagogue-AH-25-08-2024-3-1024x768-640x480.jpg\" data-envira-gallery-id=\"1643\" data-envira-item-id=\"1644\" data-envira-caption=\"1 Synagogue-Mus\u00e9e de Lu\u010denec. Photo A.Hura-C.Bugan\" alt=\"\" title=\"1 Synagogue-Mus\u00e9e de Lu\u010denec. Photo A.Hura-C.Bugan\"  itemprop=\"thumbnailUrl\" data-envira-srcset=\"https:\/\/vaheurope.eu\/wp-content\/uploads\/2024\/09\/1-Lucenec-Synagogue-AH-25-08-2024-3-1024x768-640x480.jpg 400w,https:\/\/vaheurope.eu\/wp-content\/uploads\/2024\/09\/1-Lucenec-Synagogue-AH-25-08-2024-3-1024x768-640x480.jpg 2x\" data-envira-width=\"300\" data-envira-height=\"225\" srcset=\"data:image\/gif;base64,R0lGODlhAQABAIAAAP\/\/\/\/\/\/\/yH5BAEKAAEALAAAAAABAAEAAAICTAEAOw==\" data-safe-src=\"data:image\/gif;base64,R0lGODlhAQABAIAAAP\/\/\/\/\/\/\/yH5BAEKAAEALAAAAAABAAEAAAICTAEAOw==\" \/><\/a><\/div><\/div><div id=\"envira-gallery-item-1645\" class=\"envira-gallery-item enviratope-item envira-gallery-item-2 envira-lazy-load\" style=\"padding-left: 5px; padding-bottom: 10px; padding-right: 5px;\"  itemscope itemtype=\"https:\/\/schema.org\/ImageObject\"><div class=\"envira-gallery-item-inner\"><div class=\"envira-gallery-position-overlay  envira-gallery-top-left\"><\/div><div class=\"envira-gallery-position-overlay  envira-gallery-top-right\"><\/div><div class=\"envira-gallery-position-overlay  envira-gallery-bottom-left\"><\/div><div class=\"envira-gallery-position-overlay  envira-gallery-bottom-right\"><\/div><a href=\"https:\/\/vaheurope.eu\/wp-content\/uploads\/2024\/09\/2-Lucenec-Synagogue-AH-25-08-2024-8.jpg\" class=\"envira-gallery-1643 envira-gallery-link\" rel=\"enviragallery1643\" title=\"2 Synagogue-Mus\u00e9e de Lu\u010denec. Photo A.Hura-C.Bugan\" data-envira-caption=\"2 Synagogue-Mus\u00e9e de Lu\u010denec. Photo A.Hura-C.Bugan\" data-envira-retina=\"\" data-thumbnail=\"\"  itemprop=\"contentUrl\"><img id=\"envira-gallery-image-1645\" class=\"envira-gallery-image envira-gallery-image-2 envira-normal envira-lazy\" data-envira-index=\"2\" src=\"https:\/\/vaheurope.eu\/wp-content\/uploads\/2024\/09\/2-Lucenec-Synagogue-AH-25-08-2024-8-1024x768-640x480.jpg\" data-envira-src=\"https:\/\/vaheurope.eu\/wp-content\/uploads\/2024\/09\/2-Lucenec-Synagogue-AH-25-08-2024-8-1024x768-640x480.jpg\" data-envira-gallery-id=\"1643\" data-envira-item-id=\"1645\" data-envira-caption=\"2 Synagogue-Mus\u00e9e de Lu\u010denec. Photo A.Hura-C.Bugan\" alt=\"\" title=\"2 Synagogue-Mus\u00e9e de Lu\u010denec. Photo A.Hura-C.Bugan\"  itemprop=\"thumbnailUrl\" data-envira-srcset=\"https:\/\/vaheurope.eu\/wp-content\/uploads\/2024\/09\/2-Lucenec-Synagogue-AH-25-08-2024-8-1024x768-640x480.jpg 400w,https:\/\/vaheurope.eu\/wp-content\/uploads\/2024\/09\/2-Lucenec-Synagogue-AH-25-08-2024-8-1024x768-640x480.jpg 2x\" data-envira-width=\"300\" data-envira-height=\"225\" srcset=\"data:image\/gif;base64,R0lGODlhAQABAIAAAP\/\/\/\/\/\/\/yH5BAEKAAEALAAAAAABAAEAAAICTAEAOw==\" data-safe-src=\"data:image\/gif;base64,R0lGODlhAQABAIAAAP\/\/\/\/\/\/\/yH5BAEKAAEALAAAAAABAAEAAAICTAEAOw==\" \/><\/a><\/div><\/div><div id=\"envira-gallery-item-1646\" class=\"envira-gallery-item enviratope-item envira-gallery-item-3 envira-lazy-load\" style=\"padding-left: 5px; padding-bottom: 10px; padding-right: 5px;\"  itemscope itemtype=\"https:\/\/schema.org\/ImageObject\"><div class=\"envira-gallery-item-inner\"><div class=\"envira-gallery-position-overlay  envira-gallery-top-left\"><\/div><div class=\"envira-gallery-position-overlay  envira-gallery-top-right\"><\/div><div class=\"envira-gallery-position-overlay  envira-gallery-bottom-left\"><\/div><div class=\"envira-gallery-position-overlay  envira-gallery-bottom-right\"><\/div><a href=\"https:\/\/vaheurope.eu\/wp-content\/uploads\/2024\/09\/3-Lucenec-Synagogue-AH-25-08-2024-9-rotated.jpg\" class=\"envira-gallery-1643 envira-gallery-link\" rel=\"enviragallery1643\" title=\"3 Synagogue-Mus\u00e9e de Lu\u010denec. Photo A.Hura-C.Bugan\" data-envira-caption=\"3 Synagogue-Mus\u00e9e de Lu\u010denec. Photo A.Hura-C.Bugan\" data-envira-retina=\"\" data-thumbnail=\"\"  itemprop=\"contentUrl\"><img id=\"envira-gallery-image-1646\" class=\"envira-gallery-image envira-gallery-image-3 envira-normal envira-lazy\" data-envira-index=\"3\" src=\"https:\/\/vaheurope.eu\/wp-content\/uploads\/2024\/09\/3-Lucenec-Synagogue-AH-25-08-2024-9-768x1024-640x480.jpg\" data-envira-src=\"https:\/\/vaheurope.eu\/wp-content\/uploads\/2024\/09\/3-Lucenec-Synagogue-AH-25-08-2024-9-768x1024-640x480.jpg\" data-envira-gallery-id=\"1643\" data-envira-item-id=\"1646\" data-envira-caption=\"3 Synagogue-Mus\u00e9e de Lu\u010denec. Photo A.Hura-C.Bugan\" alt=\"\" title=\"3 Synagogue-Mus\u00e9e de Lu\u010denec. Photo A.Hura-C.Bugan\"  itemprop=\"thumbnailUrl\" data-envira-srcset=\"https:\/\/vaheurope.eu\/wp-content\/uploads\/2024\/09\/3-Lucenec-Synagogue-AH-25-08-2024-9-768x1024-640x480.jpg 400w,https:\/\/vaheurope.eu\/wp-content\/uploads\/2024\/09\/3-Lucenec-Synagogue-AH-25-08-2024-9-768x1024-640x480.jpg 2x\" data-envira-width=\"225\" data-envira-height=\"300\" srcset=\"data:image\/gif;base64,R0lGODlhAQABAIAAAP\/\/\/\/\/\/\/yH5BAEKAAEALAAAAAABAAEAAAICTAEAOw==\" data-safe-src=\"data:image\/gif;base64,R0lGODlhAQABAIAAAP\/\/\/\/\/\/\/yH5BAEKAAEALAAAAAABAAEAAAICTAEAOw==\" \/><\/a><\/div><\/div><div id=\"envira-gallery-item-1647\" class=\"envira-gallery-item enviratope-item envira-gallery-item-4 envira-lazy-load\" style=\"padding-left: 5px; padding-bottom: 10px; padding-right: 5px;\"  itemscope itemtype=\"https:\/\/schema.org\/ImageObject\"><div class=\"envira-gallery-item-inner\"><div class=\"envira-gallery-position-overlay  envira-gallery-top-left\"><\/div><div class=\"envira-gallery-position-overlay  envira-gallery-top-right\"><\/div><div class=\"envira-gallery-position-overlay  envira-gallery-bottom-left\"><\/div><div class=\"envira-gallery-position-overlay  envira-gallery-bottom-right\"><\/div><a href=\"https:\/\/vaheurope.eu\/wp-content\/uploads\/2024\/09\/4-Lucenec-Synagoga-CB-11-09-2024-55.jpg\" class=\"envira-gallery-1643 envira-gallery-link\" rel=\"enviragallery1643\" title=\"4 Synagogue-Mus\u00e9e de Lu\u010denec. Photo A.Hura-C.Bugan\" data-envira-caption=\"4 Synagogue-Mus\u00e9e de Lu\u010denec. Photo A.Hura-C.Bugan\" data-envira-retina=\"\" data-thumbnail=\"\"  itemprop=\"contentUrl\"><img id=\"envira-gallery-image-1647\" class=\"envira-gallery-image envira-gallery-image-4 envira-normal envira-lazy\" data-envira-index=\"4\" src=\"https:\/\/vaheurope.eu\/wp-content\/uploads\/2024\/09\/4-Lucenec-Synagoga-CB-11-09-2024-55-640x480.jpg\" data-envira-src=\"https:\/\/vaheurope.eu\/wp-content\/uploads\/2024\/09\/4-Lucenec-Synagoga-CB-11-09-2024-55-640x480.jpg\" data-envira-gallery-id=\"1643\" data-envira-item-id=\"1647\" data-envira-caption=\"4 Synagogue-Mus\u00e9e de Lu\u010denec. Photo A.Hura-C.Bugan\" alt=\"\" title=\"4 Synagogue-Mus\u00e9e de Lu\u010denec. Photo A.Hura-C.Bugan\"  itemprop=\"thumbnailUrl\" data-envira-srcset=\"https:\/\/vaheurope.eu\/wp-content\/uploads\/2024\/09\/4-Lucenec-Synagoga-CB-11-09-2024-55-640x480.jpg 400w,https:\/\/vaheurope.eu\/wp-content\/uploads\/2024\/09\/4-Lucenec-Synagoga-CB-11-09-2024-55-640x480.jpg 2x\" data-envira-width=\"225\" data-envira-height=\"300\" srcset=\"data:image\/gif;base64,R0lGODlhAQABAIAAAP\/\/\/\/\/\/\/yH5BAEKAAEALAAAAAABAAEAAAICTAEAOw==\" data-safe-src=\"data:image\/gif;base64,R0lGODlhAQABAIAAAP\/\/\/\/\/\/\/yH5BAEKAAEALAAAAAABAAEAAAICTAEAOw==\" \/><\/a><\/div><\/div><div id=\"envira-gallery-item-1648\" class=\"envira-gallery-item enviratope-item envira-gallery-item-5 envira-lazy-load\" style=\"padding-left: 5px; padding-bottom: 10px; padding-right: 5px;\"  itemscope itemtype=\"https:\/\/schema.org\/ImageObject\"><div class=\"envira-gallery-item-inner\"><div class=\"envira-gallery-position-overlay  envira-gallery-top-left\"><\/div><div class=\"envira-gallery-position-overlay  envira-gallery-top-right\"><\/div><div class=\"envira-gallery-position-overlay  envira-gallery-bottom-left\"><\/div><div class=\"envira-gallery-position-overlay  envira-gallery-bottom-right\"><\/div><a href=\"https:\/\/vaheurope.eu\/wp-content\/uploads\/2024\/09\/5-Lucenec-Synagoga-CB-11-09-2024-2.jpg\" class=\"envira-gallery-1643 envira-gallery-link\" rel=\"enviragallery1643\" title=\"5 Synagogue-Mus\u00e9e de Lu\u010denec. Photo A.Hura-C.Bugan\" data-envira-caption=\"5 Synagogue-Mus\u00e9e de Lu\u010denec. Photo A.Hura-C.Bugan\" data-envira-retina=\"\" data-thumbnail=\"\"  itemprop=\"contentUrl\"><img id=\"envira-gallery-image-1648\" class=\"envira-gallery-image envira-gallery-image-5 envira-normal envira-lazy\" data-envira-index=\"5\" src=\"https:\/\/vaheurope.eu\/wp-content\/uploads\/2024\/09\/5-Lucenec-Synagoga-CB-11-09-2024-2-1024x768-640x480.jpg\" data-envira-src=\"https:\/\/vaheurope.eu\/wp-content\/uploads\/2024\/09\/5-Lucenec-Synagoga-CB-11-09-2024-2-1024x768-640x480.jpg\" data-envira-gallery-id=\"1643\" data-envira-item-id=\"1648\" data-envira-caption=\"5 Synagogue-Mus\u00e9e de Lu\u010denec. Photo A.Hura-C.Bugan\" alt=\"\" title=\"5 Synagogue-Mus\u00e9e de Lu\u010denec. Photo A.Hura-C.Bugan\"  itemprop=\"thumbnailUrl\" data-envira-srcset=\"https:\/\/vaheurope.eu\/wp-content\/uploads\/2024\/09\/5-Lucenec-Synagoga-CB-11-09-2024-2-1024x768-640x480.jpg 400w,https:\/\/vaheurope.eu\/wp-content\/uploads\/2024\/09\/5-Lucenec-Synagoga-CB-11-09-2024-2-1024x768-640x480.jpg 2x\" data-envira-width=\"300\" data-envira-height=\"225\" srcset=\"data:image\/gif;base64,R0lGODlhAQABAIAAAP\/\/\/\/\/\/\/yH5BAEKAAEALAAAAAABAAEAAAICTAEAOw==\" data-safe-src=\"data:image\/gif;base64,R0lGODlhAQABAIAAAP\/\/\/\/\/\/\/yH5BAEKAAEALAAAAAABAAEAAAICTAEAOw==\" \/><\/a><\/div><\/div><div id=\"envira-gallery-item-1649\" class=\"envira-gallery-item enviratope-item envira-gallery-item-6 envira-lazy-load\" style=\"padding-left: 5px; padding-bottom: 10px; padding-right: 5px;\"  itemscope itemtype=\"https:\/\/schema.org\/ImageObject\"><div class=\"envira-gallery-item-inner\"><div class=\"envira-gallery-position-overlay  envira-gallery-top-left\"><\/div><div class=\"envira-gallery-position-overlay  envira-gallery-top-right\"><\/div><div class=\"envira-gallery-position-overlay  envira-gallery-bottom-left\"><\/div><div class=\"envira-gallery-position-overlay  envira-gallery-bottom-right\"><\/div><a href=\"https:\/\/vaheurope.eu\/wp-content\/uploads\/2024\/09\/6-Lucenec-Synagogue-AH-11-09-2024-4-rotated.jpg\" class=\"envira-gallery-1643 envira-gallery-link\" rel=\"enviragallery1643\" title=\"6 Synagogue-Mus\u00e9e de Lu\u010denec. Photo A.Hura-C.Bugan\" data-envira-caption=\"6 Synagogue-Mus\u00e9e de Lu\u010denec. Photo A.Hura-C.Bugan\" data-envira-retina=\"\" data-thumbnail=\"\"  itemprop=\"contentUrl\"><img id=\"envira-gallery-image-1649\" class=\"envira-gallery-image envira-gallery-image-6 envira-normal envira-lazy\" data-envira-index=\"6\" src=\"https:\/\/vaheurope.eu\/wp-content\/uploads\/2024\/09\/6-Lucenec-Synagogue-AH-11-09-2024-4-768x1024-640x480.jpg\" data-envira-src=\"https:\/\/vaheurope.eu\/wp-content\/uploads\/2024\/09\/6-Lucenec-Synagogue-AH-11-09-2024-4-768x1024-640x480.jpg\" data-envira-gallery-id=\"1643\" data-envira-item-id=\"1649\" data-envira-caption=\"6 Synagogue-Mus\u00e9e de Lu\u010denec. Photo A.Hura-C.Bugan\" alt=\"\" title=\"6 Synagogue-Mus\u00e9e de Lu\u010denec. Photo A.Hura-C.Bugan\"  itemprop=\"thumbnailUrl\" data-envira-srcset=\"https:\/\/vaheurope.eu\/wp-content\/uploads\/2024\/09\/6-Lucenec-Synagogue-AH-11-09-2024-4-768x1024-640x480.jpg 400w,https:\/\/vaheurope.eu\/wp-content\/uploads\/2024\/09\/6-Lucenec-Synagogue-AH-11-09-2024-4-768x1024-640x480.jpg 2x\" data-envira-width=\"225\" data-envira-height=\"300\" srcset=\"data:image\/gif;base64,R0lGODlhAQABAIAAAP\/\/\/\/\/\/\/yH5BAEKAAEALAAAAAABAAEAAAICTAEAOw==\" data-safe-src=\"data:image\/gif;base64,R0lGODlhAQABAIAAAP\/\/\/\/\/\/\/yH5BAEKAAEALAAAAAABAAEAAAICTAEAOw==\" \/><\/a><\/div><\/div><div id=\"envira-gallery-item-1650\" class=\"envira-gallery-item enviratope-item envira-gallery-item-7 envira-lazy-load\" style=\"padding-left: 5px; padding-bottom: 10px; padding-right: 5px;\"  itemscope itemtype=\"https:\/\/schema.org\/ImageObject\"><div class=\"envira-gallery-item-inner\"><div class=\"envira-gallery-position-overlay  envira-gallery-top-left\"><\/div><div class=\"envira-gallery-position-overlay  envira-gallery-top-right\"><\/div><div class=\"envira-gallery-position-overlay  envira-gallery-bottom-left\"><\/div><div class=\"envira-gallery-position-overlay  envira-gallery-bottom-right\"><\/div><a href=\"https:\/\/vaheurope.eu\/wp-content\/uploads\/2024\/09\/6A-Lucenec-Synagogue-AH-11-09-2024-11-rotated.jpg\" class=\"envira-gallery-1643 envira-gallery-link\" rel=\"enviragallery1643\" title=\"6A Synagogue-Mus\u00e9e de Lu\u010denec. Galerie des femmes et vitraux. Photo A.Hura-C.Bugan\" data-envira-caption=\"6A Synagogue-Mus\u00e9e de Lu\u010denec. Galerie des femmes et vitraux. Photo A.Hura-C.Bugan\" data-envira-retina=\"\" data-thumbnail=\"\"  itemprop=\"contentUrl\"><img id=\"envira-gallery-image-1650\" class=\"envira-gallery-image envira-gallery-image-7 envira-normal envira-lazy\" data-envira-index=\"7\" src=\"https:\/\/vaheurope.eu\/wp-content\/uploads\/2024\/09\/6A-Lucenec-Synagogue-AH-11-09-2024-11-768x1024-640x480.jpg\" data-envira-src=\"https:\/\/vaheurope.eu\/wp-content\/uploads\/2024\/09\/6A-Lucenec-Synagogue-AH-11-09-2024-11-768x1024-640x480.jpg\" data-envira-gallery-id=\"1643\" data-envira-item-id=\"1650\" data-envira-caption=\"6A Synagogue-Mus\u00e9e de Lu\u010denec. Galerie des femmes et vitraux. Photo A.Hura-C.Bugan\" alt=\"\" title=\"6A Synagogue-Mus\u00e9e de Lu\u010denec. Galerie des femmes et vitraux. Photo A.Hura-C.Bugan\"  itemprop=\"thumbnailUrl\" data-envira-srcset=\"https:\/\/vaheurope.eu\/wp-content\/uploads\/2024\/09\/6A-Lucenec-Synagogue-AH-11-09-2024-11-768x1024-640x480.jpg 400w,https:\/\/vaheurope.eu\/wp-content\/uploads\/2024\/09\/6A-Lucenec-Synagogue-AH-11-09-2024-11-768x1024-640x480.jpg 2x\" data-envira-width=\"225\" data-envira-height=\"300\" srcset=\"data:image\/gif;base64,R0lGODlhAQABAIAAAP\/\/\/\/\/\/\/yH5BAEKAAEALAAAAAABAAEAAAICTAEAOw==\" data-safe-src=\"data:image\/gif;base64,R0lGODlhAQABAIAAAP\/\/\/\/\/\/\/yH5BAEKAAEALAAAAAABAAEAAAICTAEAOw==\" \/><\/a><\/div><\/div><div id=\"envira-gallery-item-1651\" class=\"envira-gallery-item enviratope-item envira-gallery-item-8 envira-lazy-load\" style=\"padding-left: 5px; padding-bottom: 10px; padding-right: 5px;\"  itemscope itemtype=\"https:\/\/schema.org\/ImageObject\"><div class=\"envira-gallery-item-inner\"><div class=\"envira-gallery-position-overlay  envira-gallery-top-left\"><\/div><div class=\"envira-gallery-position-overlay  envira-gallery-top-right\"><\/div><div class=\"envira-gallery-position-overlay  envira-gallery-bottom-left\"><\/div><div class=\"envira-gallery-position-overlay  envira-gallery-bottom-right\"><\/div><a href=\"https:\/\/vaheurope.eu\/wp-content\/uploads\/2024\/09\/7-Lucenec-Synagoga-CB-11-09-2024-14.jpg\" class=\"envira-gallery-1643 envira-gallery-link\" rel=\"enviragallery1643\" title=\"7 Synagogue-Mus\u00e9e de Lu\u010denec. Photo A.Hura-C.Bugan\" data-envira-caption=\"7 Synagogue-Mus\u00e9e de Lu\u010denec. Photo A.Hura-C.Bugan\" data-envira-retina=\"\" data-thumbnail=\"\"  itemprop=\"contentUrl\"><img id=\"envira-gallery-image-1651\" class=\"envira-gallery-image envira-gallery-image-8 envira-normal envira-lazy\" data-envira-index=\"8\" src=\"https:\/\/vaheurope.eu\/wp-content\/uploads\/2024\/09\/7-Lucenec-Synagoga-CB-11-09-2024-14-640x480.jpg\" data-envira-src=\"https:\/\/vaheurope.eu\/wp-content\/uploads\/2024\/09\/7-Lucenec-Synagoga-CB-11-09-2024-14-640x480.jpg\" data-envira-gallery-id=\"1643\" data-envira-item-id=\"1651\" data-envira-caption=\"7 Synagogue-Mus\u00e9e de Lu\u010denec. Photo A.Hura-C.Bugan\" alt=\"\" title=\"7 Synagogue-Mus\u00e9e de Lu\u010denec. Photo A.Hura-C.Bugan\"  itemprop=\"thumbnailUrl\" data-envira-srcset=\"https:\/\/vaheurope.eu\/wp-content\/uploads\/2024\/09\/7-Lucenec-Synagoga-CB-11-09-2024-14-640x480.jpg 400w,https:\/\/vaheurope.eu\/wp-content\/uploads\/2024\/09\/7-Lucenec-Synagoga-CB-11-09-2024-14-640x480.jpg 2x\" data-envira-width=\"225\" data-envira-height=\"300\" srcset=\"data:image\/gif;base64,R0lGODlhAQABAIAAAP\/\/\/\/\/\/\/yH5BAEKAAEALAAAAAABAAEAAAICTAEAOw==\" data-safe-src=\"data:image\/gif;base64,R0lGODlhAQABAIAAAP\/\/\/\/\/\/\/yH5BAEKAAEALAAAAAABAAEAAAICTAEAOw==\" \/><\/a><\/div><\/div><div id=\"envira-gallery-item-1652\" class=\"envira-gallery-item enviratope-item envira-gallery-item-9 envira-lazy-load\" style=\"padding-left: 5px; padding-bottom: 10px; padding-right: 5px;\"  itemscope itemtype=\"https:\/\/schema.org\/ImageObject\"><div class=\"envira-gallery-item-inner\"><div class=\"envira-gallery-position-overlay  envira-gallery-top-left\"><\/div><div class=\"envira-gallery-position-overlay  envira-gallery-top-right\"><\/div><div class=\"envira-gallery-position-overlay  envira-gallery-bottom-left\"><\/div><div class=\"envira-gallery-position-overlay  envira-gallery-bottom-right\"><\/div><a href=\"https:\/\/vaheurope.eu\/wp-content\/uploads\/2024\/09\/8-Lucenec-Synagogue-AH-11-09-2024-5-rotated.jpg\" class=\"envira-gallery-1643 envira-gallery-link\" rel=\"enviragallery1643\" title=\"8 Synagogue-Mus\u00e9e de Lu\u010denec. Coupole. Photo A.Hura-C.Bugan\" data-envira-caption=\"8 Synagogue-Mus\u00e9e de Lu\u010denec. Coupole. Photo A.Hura-C.Bugan\" data-envira-retina=\"\" data-thumbnail=\"\"  itemprop=\"contentUrl\"><img id=\"envira-gallery-image-1652\" class=\"envira-gallery-image envira-gallery-image-9 envira-normal envira-lazy\" data-envira-index=\"9\" src=\"https:\/\/vaheurope.eu\/wp-content\/uploads\/2024\/09\/8-Lucenec-Synagogue-AH-11-09-2024-5-768x1024-640x480.jpg\" data-envira-src=\"https:\/\/vaheurope.eu\/wp-content\/uploads\/2024\/09\/8-Lucenec-Synagogue-AH-11-09-2024-5-768x1024-640x480.jpg\" data-envira-gallery-id=\"1643\" data-envira-item-id=\"1652\" data-envira-caption=\"8 Synagogue-Mus\u00e9e de Lu\u010denec. Coupole. Photo A.Hura-C.Bugan\" alt=\"\" title=\"8 Synagogue-Mus\u00e9e de Lu\u010denec. Coupole. Photo A.Hura-C.Bugan\"  itemprop=\"thumbnailUrl\" data-envira-srcset=\"https:\/\/vaheurope.eu\/wp-content\/uploads\/2024\/09\/8-Lucenec-Synagogue-AH-11-09-2024-5-768x1024-640x480.jpg 400w,https:\/\/vaheurope.eu\/wp-content\/uploads\/2024\/09\/8-Lucenec-Synagogue-AH-11-09-2024-5-768x1024-640x480.jpg 2x\" data-envira-width=\"225\" data-envira-height=\"300\" srcset=\"data:image\/gif;base64,R0lGODlhAQABAIAAAP\/\/\/\/\/\/\/yH5BAEKAAEALAAAAAABAAEAAAICTAEAOw==\" data-safe-src=\"data:image\/gif;base64,R0lGODlhAQABAIAAAP\/\/\/\/\/\/\/yH5BAEKAAEALAAAAAABAAEAAAICTAEAOw==\" \/><\/a><\/div><\/div><div id=\"envira-gallery-item-1653\" class=\"envira-gallery-item enviratope-item envira-gallery-item-10 envira-lazy-load\" style=\"padding-left: 5px; padding-bottom: 10px; padding-right: 5px;\"  itemscope itemtype=\"https:\/\/schema.org\/ImageObject\"><div class=\"envira-gallery-item-inner\"><div class=\"envira-gallery-position-overlay  envira-gallery-top-left\"><\/div><div class=\"envira-gallery-position-overlay  envira-gallery-top-right\"><\/div><div class=\"envira-gallery-position-overlay  envira-gallery-bottom-left\"><\/div><div class=\"envira-gallery-position-overlay  envira-gallery-bottom-right\"><\/div><a href=\"https:\/\/vaheurope.eu\/wp-content\/uploads\/2024\/09\/9-Lucenec-Synagoga-CB-11-09-2024-32.jpg\" class=\"envira-gallery-1643 envira-gallery-link\" rel=\"enviragallery1643\" title=\"9 Synagogue-Mus\u00e9e de Lu\u010denec. Coupole. Photo A.Hura-C.Bugan\" data-envira-caption=\"9 Synagogue-Mus\u00e9e de Lu\u010denec. Coupole. Photo A.Hura-C.Bugan\" data-envira-retina=\"\" data-thumbnail=\"\"  itemprop=\"contentUrl\"><img id=\"envira-gallery-image-1653\" class=\"envira-gallery-image envira-gallery-image-10 envira-normal envira-lazy\" data-envira-index=\"10\" src=\"https:\/\/vaheurope.eu\/wp-content\/uploads\/2024\/09\/9-Lucenec-Synagoga-CB-11-09-2024-32-640x480.jpg\" data-envira-src=\"https:\/\/vaheurope.eu\/wp-content\/uploads\/2024\/09\/9-Lucenec-Synagoga-CB-11-09-2024-32-640x480.jpg\" data-envira-gallery-id=\"1643\" data-envira-item-id=\"1653\" data-envira-caption=\"9 Synagogue-Mus\u00e9e de Lu\u010denec. Coupole. Photo A.Hura-C.Bugan\" alt=\"\" title=\"9 Synagogue-Mus\u00e9e de Lu\u010denec. Coupole. Photo A.Hura-C.Bugan\"  itemprop=\"thumbnailUrl\" data-envira-srcset=\"https:\/\/vaheurope.eu\/wp-content\/uploads\/2024\/09\/9-Lucenec-Synagoga-CB-11-09-2024-32-640x480.jpg 400w,https:\/\/vaheurope.eu\/wp-content\/uploads\/2024\/09\/9-Lucenec-Synagoga-CB-11-09-2024-32-640x480.jpg 2x\" data-envira-width=\"225\" data-envira-height=\"300\" srcset=\"data:image\/gif;base64,R0lGODlhAQABAIAAAP\/\/\/\/\/\/\/yH5BAEKAAEALAAAAAABAAEAAAICTAEAOw==\" data-safe-src=\"data:image\/gif;base64,R0lGODlhAQABAIAAAP\/\/\/\/\/\/\/yH5BAEKAAEALAAAAAABAAEAAAICTAEAOw==\" \/><\/a><\/div><\/div><div id=\"envira-gallery-item-1654\" class=\"envira-gallery-item enviratope-item envira-gallery-item-11 envira-lazy-load\" style=\"padding-left: 5px; padding-bottom: 10px; padding-right: 5px;\"  itemscope itemtype=\"https:\/\/schema.org\/ImageObject\"><div class=\"envira-gallery-item-inner\"><div class=\"envira-gallery-position-overlay  envira-gallery-top-left\"><\/div><div class=\"envira-gallery-position-overlay  envira-gallery-top-right\"><\/div><div class=\"envira-gallery-position-overlay  envira-gallery-bottom-left\"><\/div><div class=\"envira-gallery-position-overlay  envira-gallery-bottom-right\"><\/div><a href=\"https:\/\/vaheurope.eu\/wp-content\/uploads\/2024\/09\/10-Lucenec-Synagogue-AH-11-09-2024-3.jpg\" class=\"envira-gallery-1643 envira-gallery-link\" rel=\"enviragallery1643\" title=\"10 Synagogue-Mus\u00e9e de Lu\u010denec. Galerie des femmes et vitraux. Photo A.Hura-C.Bugan\" data-envira-caption=\"10 Synagogue-Mus\u00e9e de Lu\u010denec. Galerie des femmes et vitraux. Photo A.Hura-C.Bugan\" data-envira-retina=\"\" data-thumbnail=\"\"  itemprop=\"contentUrl\"><img id=\"envira-gallery-image-1654\" class=\"envira-gallery-image envira-gallery-image-11 envira-normal envira-lazy\" data-envira-index=\"11\" src=\"https:\/\/vaheurope.eu\/wp-content\/uploads\/2024\/09\/10-Lucenec-Synagogue-AH-11-09-2024-3-1024x768-640x480.jpg\" data-envira-src=\"https:\/\/vaheurope.eu\/wp-content\/uploads\/2024\/09\/10-Lucenec-Synagogue-AH-11-09-2024-3-1024x768-640x480.jpg\" data-envira-gallery-id=\"1643\" data-envira-item-id=\"1654\" data-envira-caption=\"10 Synagogue-Mus\u00e9e de Lu\u010denec. Galerie des femmes et vitraux. Photo A.Hura-C.Bugan\" alt=\"\" title=\"10 Synagogue-Mus\u00e9e de Lu\u010denec. Galerie des femmes et vitraux. Photo A.Hura-C.Bugan\"  itemprop=\"thumbnailUrl\" data-envira-srcset=\"https:\/\/vaheurope.eu\/wp-content\/uploads\/2024\/09\/10-Lucenec-Synagogue-AH-11-09-2024-3-1024x768-640x480.jpg 400w,https:\/\/vaheurope.eu\/wp-content\/uploads\/2024\/09\/10-Lucenec-Synagogue-AH-11-09-2024-3-1024x768-640x480.jpg 2x\" data-envira-width=\"300\" data-envira-height=\"225\" srcset=\"data:image\/gif;base64,R0lGODlhAQABAIAAAP\/\/\/\/\/\/\/yH5BAEKAAEALAAAAAABAAEAAAICTAEAOw==\" data-safe-src=\"data:image\/gif;base64,R0lGODlhAQABAIAAAP\/\/\/\/\/\/\/yH5BAEKAAEALAAAAAABAAEAAAICTAEAOw==\" \/><\/a><\/div><\/div><div id=\"envira-gallery-item-1655\" class=\"envira-gallery-item enviratope-item envira-gallery-item-12 envira-lazy-load\" style=\"padding-left: 5px; padding-bottom: 10px; padding-right: 5px;\"  itemscope itemtype=\"https:\/\/schema.org\/ImageObject\"><div class=\"envira-gallery-item-inner\"><div class=\"envira-gallery-position-overlay  envira-gallery-top-left\"><\/div><div class=\"envira-gallery-position-overlay  envira-gallery-top-right\"><\/div><div class=\"envira-gallery-position-overlay  envira-gallery-bottom-left\"><\/div><div class=\"envira-gallery-position-overlay  envira-gallery-bottom-right\"><\/div><a href=\"https:\/\/vaheurope.eu\/wp-content\/uploads\/2024\/09\/11-Lucenec-Synagoga-CB-11-09-2024-19.jpg\" class=\"envira-gallery-1643 envira-gallery-link\" rel=\"enviragallery1643\" title=\"11 Synagogue-Mus\u00e9e de Lu\u010denec. Photo A.Hura-C.Bugan\" data-envira-caption=\"11 Synagogue-Mus\u00e9e de Lu\u010denec. Photo A.Hura-C.Bugan\" data-envira-retina=\"\" data-thumbnail=\"\"  itemprop=\"contentUrl\"><img id=\"envira-gallery-image-1655\" class=\"envira-gallery-image envira-gallery-image-12 envira-normal envira-lazy\" data-envira-index=\"12\" src=\"https:\/\/vaheurope.eu\/wp-content\/uploads\/2024\/09\/11-Lucenec-Synagoga-CB-11-09-2024-19-1024x768-640x480.jpg\" data-envira-src=\"https:\/\/vaheurope.eu\/wp-content\/uploads\/2024\/09\/11-Lucenec-Synagoga-CB-11-09-2024-19-1024x768-640x480.jpg\" data-envira-gallery-id=\"1643\" data-envira-item-id=\"1655\" data-envira-caption=\"11 Synagogue-Mus\u00e9e de Lu\u010denec. Photo A.Hura-C.Bugan\" alt=\"\" title=\"11 Synagogue-Mus\u00e9e de Lu\u010denec. Photo A.Hura-C.Bugan\"  itemprop=\"thumbnailUrl\" data-envira-srcset=\"https:\/\/vaheurope.eu\/wp-content\/uploads\/2024\/09\/11-Lucenec-Synagoga-CB-11-09-2024-19-1024x768-640x480.jpg 400w,https:\/\/vaheurope.eu\/wp-content\/uploads\/2024\/09\/11-Lucenec-Synagoga-CB-11-09-2024-19-1024x768-640x480.jpg 2x\" data-envira-width=\"300\" data-envira-height=\"225\" srcset=\"data:image\/gif;base64,R0lGODlhAQABAIAAAP\/\/\/\/\/\/\/yH5BAEKAAEALAAAAAABAAEAAAICTAEAOw==\" data-safe-src=\"data:image\/gif;base64,R0lGODlhAQABAIAAAP\/\/\/\/\/\/\/yH5BAEKAAEALAAAAAABAAEAAAICTAEAOw==\" \/><\/a><\/div><\/div><div id=\"envira-gallery-item-1656\" class=\"envira-gallery-item enviratope-item envira-gallery-item-13 envira-lazy-load\" style=\"padding-left: 5px; padding-bottom: 10px; padding-right: 5px;\"  itemscope itemtype=\"https:\/\/schema.org\/ImageObject\"><div class=\"envira-gallery-item-inner\"><div class=\"envira-gallery-position-overlay  envira-gallery-top-left\"><\/div><div class=\"envira-gallery-position-overlay  envira-gallery-top-right\"><\/div><div class=\"envira-gallery-position-overlay  envira-gallery-bottom-left\"><\/div><div class=\"envira-gallery-position-overlay  envira-gallery-bottom-right\"><\/div><a href=\"https:\/\/vaheurope.eu\/wp-content\/uploads\/2024\/09\/12-Lucenec-Synagogue-AH-11-09-2024-7-rotated.jpg\" class=\"envira-gallery-1643 envira-gallery-link\" rel=\"enviragallery1643\" title=\"12 Synagogue-Mus\u00e9e de Lu\u010denec. Photo A.Hura-C.Bugan\" data-envira-caption=\"12 Synagogue-Mus\u00e9e de Lu\u010denec. Photo A.Hura-C.Bugan\" data-envira-retina=\"\" data-thumbnail=\"\"  itemprop=\"contentUrl\"><img id=\"envira-gallery-image-1656\" class=\"envira-gallery-image envira-gallery-image-13 envira-normal envira-lazy\" data-envira-index=\"13\" src=\"https:\/\/vaheurope.eu\/wp-content\/uploads\/2024\/09\/12-Lucenec-Synagogue-AH-11-09-2024-7-768x1024-640x480.jpg\" data-envira-src=\"https:\/\/vaheurope.eu\/wp-content\/uploads\/2024\/09\/12-Lucenec-Synagogue-AH-11-09-2024-7-768x1024-640x480.jpg\" data-envira-gallery-id=\"1643\" data-envira-item-id=\"1656\" data-envira-caption=\"12 Synagogue-Mus\u00e9e de Lu\u010denec. Photo A.Hura-C.Bugan\" alt=\"\" title=\"12 Synagogue-Mus\u00e9e de Lu\u010denec. Photo A.Hura-C.Bugan\"  itemprop=\"thumbnailUrl\" data-envira-srcset=\"https:\/\/vaheurope.eu\/wp-content\/uploads\/2024\/09\/12-Lucenec-Synagogue-AH-11-09-2024-7-768x1024-640x480.jpg 400w,https:\/\/vaheurope.eu\/wp-content\/uploads\/2024\/09\/12-Lucenec-Synagogue-AH-11-09-2024-7-768x1024-640x480.jpg 2x\" data-envira-width=\"225\" data-envira-height=\"300\" srcset=\"data:image\/gif;base64,R0lGODlhAQABAIAAAP\/\/\/\/\/\/\/yH5BAEKAAEALAAAAAABAAEAAAICTAEAOw==\" data-safe-src=\"data:image\/gif;base64,R0lGODlhAQABAIAAAP\/\/\/\/\/\/\/yH5BAEKAAEALAAAAAABAAEAAAICTAEAOw==\" \/><\/a><\/div><\/div><div id=\"envira-gallery-item-1657\" class=\"envira-gallery-item enviratope-item envira-gallery-item-14 envira-lazy-load\" style=\"padding-left: 5px; padding-bottom: 10px; padding-right: 5px;\"  itemscope itemtype=\"https:\/\/schema.org\/ImageObject\"><div class=\"envira-gallery-item-inner\"><div class=\"envira-gallery-position-overlay  envira-gallery-top-left\"><\/div><div class=\"envira-gallery-position-overlay  envira-gallery-top-right\"><\/div><div class=\"envira-gallery-position-overlay  envira-gallery-bottom-left\"><\/div><div class=\"envira-gallery-position-overlay  envira-gallery-bottom-right\"><\/div><a href=\"https:\/\/vaheurope.eu\/wp-content\/uploads\/2024\/09\/13-Lucenec-Synagogue-AH-11-09-2024-19-rotated.jpg\" class=\"envira-gallery-1643 envira-gallery-link\" rel=\"enviragallery1643\" title=\"13 Synagogue-Mus\u00e9e de Lu\u010denec. Vitrail dans l'escalier vers la galerie des femmes. Photo A.Hura-C.Bugan\" data-envira-caption=\"13 Synagogue-Mus\u00e9e de Lu\u010denec. Vitrail dans l'escalier vers la galerie des femmes. Photo A.Hura-C.Bugan\" data-envira-retina=\"\" data-thumbnail=\"\"  itemprop=\"contentUrl\"><img id=\"envira-gallery-image-1657\" class=\"envira-gallery-image envira-gallery-image-14 envira-normal envira-lazy\" data-envira-index=\"14\" src=\"https:\/\/vaheurope.eu\/wp-content\/uploads\/2024\/09\/13-Lucenec-Synagogue-AH-11-09-2024-19-768x1024-640x480.jpg\" data-envira-src=\"https:\/\/vaheurope.eu\/wp-content\/uploads\/2024\/09\/13-Lucenec-Synagogue-AH-11-09-2024-19-768x1024-640x480.jpg\" data-envira-gallery-id=\"1643\" data-envira-item-id=\"1657\" data-envira-caption=\"13 Synagogue-Mus\u00e9e de Lu\u010denec. Vitrail dans l'escalier vers la galerie des femmes. Photo A.Hura-C.Bugan\" alt=\"\" title=\"13 Synagogue-Mus\u00e9e de Lu\u010denec. Vitrail dans l'escalier vers la galerie des femmes. Photo A.Hura-C.Bugan\"  itemprop=\"thumbnailUrl\" data-envira-srcset=\"https:\/\/vaheurope.eu\/wp-content\/uploads\/2024\/09\/13-Lucenec-Synagogue-AH-11-09-2024-19-768x1024-640x480.jpg 400w,https:\/\/vaheurope.eu\/wp-content\/uploads\/2024\/09\/13-Lucenec-Synagogue-AH-11-09-2024-19-768x1024-640x480.jpg 2x\" data-envira-width=\"225\" data-envira-height=\"300\" srcset=\"data:image\/gif;base64,R0lGODlhAQABAIAAAP\/\/\/\/\/\/\/yH5BAEKAAEALAAAAAABAAEAAAICTAEAOw==\" data-safe-src=\"data:image\/gif;base64,R0lGODlhAQABAIAAAP\/\/\/\/\/\/\/yH5BAEKAAEALAAAAAABAAEAAAICTAEAOw==\" \/><\/a><\/div><\/div><div id=\"envira-gallery-item-1658\" class=\"envira-gallery-item enviratope-item envira-gallery-item-15 envira-lazy-load\" style=\"padding-left: 5px; padding-bottom: 10px; padding-right: 5px;\"  itemscope itemtype=\"https:\/\/schema.org\/ImageObject\"><div class=\"envira-gallery-item-inner\"><div class=\"envira-gallery-position-overlay  envira-gallery-top-left\"><\/div><div class=\"envira-gallery-position-overlay  envira-gallery-top-right\"><\/div><div class=\"envira-gallery-position-overlay  envira-gallery-bottom-left\"><\/div><div class=\"envira-gallery-position-overlay  envira-gallery-bottom-right\"><\/div><a href=\"https:\/\/vaheurope.eu\/wp-content\/uploads\/2024\/09\/14-Lucenec-Synagoga-CB-11-09-2024-28.jpg\" class=\"envira-gallery-1643 envira-gallery-link\" rel=\"enviragallery1643\" title=\"14 Synagogue-Mus\u00e9e de Lu\u010denec. Photo A.Hura-C.Bugan\" data-envira-caption=\"14 Synagogue-Mus\u00e9e de Lu\u010denec. Photo A.Hura-C.Bugan\" data-envira-retina=\"\" data-thumbnail=\"\"  itemprop=\"contentUrl\"><img id=\"envira-gallery-image-1658\" class=\"envira-gallery-image envira-gallery-image-15 envira-normal envira-lazy\" data-envira-index=\"15\" src=\"https:\/\/vaheurope.eu\/wp-content\/uploads\/2024\/09\/14-Lucenec-Synagoga-CB-11-09-2024-28-640x480.jpg\" data-envira-src=\"https:\/\/vaheurope.eu\/wp-content\/uploads\/2024\/09\/14-Lucenec-Synagoga-CB-11-09-2024-28-640x480.jpg\" data-envira-gallery-id=\"1643\" data-envira-item-id=\"1658\" data-envira-caption=\"14 Synagogue-Mus\u00e9e de Lu\u010denec. Photo A.Hura-C.Bugan\" alt=\"\" title=\"14 Synagogue-Mus\u00e9e de Lu\u010denec. Photo A.Hura-C.Bugan\"  itemprop=\"thumbnailUrl\" data-envira-srcset=\"https:\/\/vaheurope.eu\/wp-content\/uploads\/2024\/09\/14-Lucenec-Synagoga-CB-11-09-2024-28-640x480.jpg 400w,https:\/\/vaheurope.eu\/wp-content\/uploads\/2024\/09\/14-Lucenec-Synagoga-CB-11-09-2024-28-640x480.jpg 2x\" data-envira-width=\"225\" data-envira-height=\"300\" srcset=\"data:image\/gif;base64,R0lGODlhAQABAIAAAP\/\/\/\/\/\/\/yH5BAEKAAEALAAAAAABAAEAAAICTAEAOw==\" data-safe-src=\"data:image\/gif;base64,R0lGODlhAQABAIAAAP\/\/\/\/\/\/\/yH5BAEKAAEALAAAAAABAAEAAAICTAEAOw==\" \/><\/a><\/div><\/div><div id=\"envira-gallery-item-1659\" class=\"envira-gallery-item enviratope-item envira-gallery-item-16 envira-lazy-load\" style=\"padding-left: 5px; padding-bottom: 10px; padding-right: 5px;\"  itemscope itemtype=\"https:\/\/schema.org\/ImageObject\"><div class=\"envira-gallery-item-inner\"><div class=\"envira-gallery-position-overlay  envira-gallery-top-left\"><\/div><div class=\"envira-gallery-position-overlay  envira-gallery-top-right\"><\/div><div class=\"envira-gallery-position-overlay  envira-gallery-bottom-left\"><\/div><div class=\"envira-gallery-position-overlay  envira-gallery-bottom-right\"><\/div><a href=\"https:\/\/vaheurope.eu\/wp-content\/uploads\/2024\/09\/15-Lucenec-Synagoga-CB-11-09-2024-23.jpg\" class=\"envira-gallery-1643 envira-gallery-link\" rel=\"enviragallery1643\" title=\"15 Synagogue-Mus\u00e9e de Lu\u010denec. D\u00e9tail de l'exposition. Photo A.Hura-C.Bugan\" data-envira-caption=\"15 Synagogue-Mus\u00e9e de Lu\u010denec. D\u00e9tail de l'exposition. Photo A.Hura-C.Bugan\" data-envira-retina=\"\" data-thumbnail=\"\"  itemprop=\"contentUrl\"><img id=\"envira-gallery-image-1659\" class=\"envira-gallery-image envira-gallery-image-16 envira-normal envira-lazy\" data-envira-index=\"16\" src=\"https:\/\/vaheurope.eu\/wp-content\/uploads\/2024\/09\/15-Lucenec-Synagoga-CB-11-09-2024-23-640x480.jpg\" data-envira-src=\"https:\/\/vaheurope.eu\/wp-content\/uploads\/2024\/09\/15-Lucenec-Synagoga-CB-11-09-2024-23-640x480.jpg\" data-envira-gallery-id=\"1643\" data-envira-item-id=\"1659\" data-envira-caption=\"15 Synagogue-Mus\u00e9e de Lu\u010denec. D\u00e9tail de l'exposition. Photo A.Hura-C.Bugan\" alt=\"\" title=\"15 Synagogue-Mus\u00e9e de Lu\u010denec. D\u00e9tail de l'exposition. Photo A.Hura-C.Bugan\"  itemprop=\"thumbnailUrl\" data-envira-srcset=\"https:\/\/vaheurope.eu\/wp-content\/uploads\/2024\/09\/15-Lucenec-Synagoga-CB-11-09-2024-23-640x480.jpg 400w,https:\/\/vaheurope.eu\/wp-content\/uploads\/2024\/09\/15-Lucenec-Synagoga-CB-11-09-2024-23-640x480.jpg 2x\" data-envira-width=\"225\" data-envira-height=\"300\" srcset=\"data:image\/gif;base64,R0lGODlhAQABAIAAAP\/\/\/\/\/\/\/yH5BAEKAAEALAAAAAABAAEAAAICTAEAOw==\" data-safe-src=\"data:image\/gif;base64,R0lGODlhAQABAIAAAP\/\/\/\/\/\/\/yH5BAEKAAEALAAAAAABAAEAAAICTAEAOw==\" \/><\/a><\/div><\/div><div id=\"envira-gallery-item-1660\" class=\"envira-gallery-item enviratope-item envira-gallery-item-17 envira-lazy-load\" style=\"padding-left: 5px; padding-bottom: 10px; padding-right: 5px;\"  itemscope itemtype=\"https:\/\/schema.org\/ImageObject\"><div class=\"envira-gallery-item-inner\"><div class=\"envira-gallery-position-overlay  envira-gallery-top-left\"><\/div><div class=\"envira-gallery-position-overlay  envira-gallery-top-right\"><\/div><div class=\"envira-gallery-position-overlay  envira-gallery-bottom-left\"><\/div><div class=\"envira-gallery-position-overlay  envira-gallery-bottom-right\"><\/div><a href=\"https:\/\/vaheurope.eu\/wp-content\/uploads\/2024\/09\/16-Lucenec-Synagogue-AH-11-09-2024-14-rotated.jpg\" class=\"envira-gallery-1643 envira-gallery-link\" rel=\"enviragallery1643\" title=\"16 Synagogue-Mus\u00e9e de Lu\u010denec. Exposition. Photo A.Hura-C.Bugan\" data-envira-caption=\"16 Synagogue-Mus\u00e9e de Lu\u010denec. Exposition. Photo A.Hura-C.Bugan\" data-envira-retina=\"\" data-thumbnail=\"\"  itemprop=\"contentUrl\"><img id=\"envira-gallery-image-1660\" class=\"envira-gallery-image envira-gallery-image-17 envira-normal envira-lazy\" data-envira-index=\"17\" src=\"https:\/\/vaheurope.eu\/wp-content\/uploads\/2024\/09\/16-Lucenec-Synagogue-AH-11-09-2024-14-768x1024-640x480.jpg\" data-envira-src=\"https:\/\/vaheurope.eu\/wp-content\/uploads\/2024\/09\/16-Lucenec-Synagogue-AH-11-09-2024-14-768x1024-640x480.jpg\" data-envira-gallery-id=\"1643\" data-envira-item-id=\"1660\" data-envira-caption=\"16 Synagogue-Mus\u00e9e de Lu\u010denec. Exposition. Photo A.Hura-C.Bugan\" alt=\"\" title=\"16 Synagogue-Mus\u00e9e de Lu\u010denec. Exposition. Photo A.Hura-C.Bugan\"  itemprop=\"thumbnailUrl\" data-envira-srcset=\"https:\/\/vaheurope.eu\/wp-content\/uploads\/2024\/09\/16-Lucenec-Synagogue-AH-11-09-2024-14-768x1024-640x480.jpg 400w,https:\/\/vaheurope.eu\/wp-content\/uploads\/2024\/09\/16-Lucenec-Synagogue-AH-11-09-2024-14-768x1024-640x480.jpg 2x\" data-envira-width=\"225\" data-envira-height=\"300\" srcset=\"data:image\/gif;base64,R0lGODlhAQABAIAAAP\/\/\/\/\/\/\/yH5BAEKAAEALAAAAAABAAEAAAICTAEAOw==\" data-safe-src=\"data:image\/gif;base64,R0lGODlhAQABAIAAAP\/\/\/\/\/\/\/yH5BAEKAAEALAAAAAABAAEAAAICTAEAOw==\" \/><\/a><\/div><\/div><div id=\"envira-gallery-item-1661\" class=\"envira-gallery-item enviratope-item envira-gallery-item-18 envira-lazy-load\" style=\"padding-left: 5px; padding-bottom: 10px; padding-right: 5px;\"  itemscope itemtype=\"https:\/\/schema.org\/ImageObject\"><div class=\"envira-gallery-item-inner\"><div class=\"envira-gallery-position-overlay  envira-gallery-top-left\"><\/div><div class=\"envira-gallery-position-overlay  envira-gallery-top-right\"><\/div><div class=\"envira-gallery-position-overlay  envira-gallery-bottom-left\"><\/div><div class=\"envira-gallery-position-overlay  envira-gallery-bottom-right\"><\/div><a href=\"https:\/\/vaheurope.eu\/wp-content\/uploads\/2024\/09\/17-Lucenec-Synagogue-AH-25-08-2024-11.jpg\" class=\"envira-gallery-1643 envira-gallery-link\" rel=\"enviragallery1643\" title=\"17 Synagogue-Mus\u00e9e de Lu\u010denec. Sculptures avec messages. Photo A.Hura-C.Bugan\" data-envira-caption=\"17 Synagogue-Mus\u00e9e de Lu\u010denec. Sculptures avec messages. Photo A.Hura-C.Bugan\" data-envira-retina=\"\" data-thumbnail=\"\"  itemprop=\"contentUrl\"><img id=\"envira-gallery-image-1661\" class=\"envira-gallery-image envira-gallery-image-18 envira-normal envira-lazy\" data-envira-index=\"18\" src=\"https:\/\/vaheurope.eu\/wp-content\/uploads\/2024\/09\/17-Lucenec-Synagogue-AH-25-08-2024-11-1024x768-640x480.jpg\" data-envira-src=\"https:\/\/vaheurope.eu\/wp-content\/uploads\/2024\/09\/17-Lucenec-Synagogue-AH-25-08-2024-11-1024x768-640x480.jpg\" data-envira-gallery-id=\"1643\" data-envira-item-id=\"1661\" data-envira-caption=\"17 Synagogue-Mus\u00e9e de Lu\u010denec. Sculptures avec messages. Photo A.Hura-C.Bugan\" alt=\"\" title=\"17 Synagogue-Mus\u00e9e de Lu\u010denec. Sculptures avec messages. Photo A.Hura-C.Bugan\"  itemprop=\"thumbnailUrl\" data-envira-srcset=\"https:\/\/vaheurope.eu\/wp-content\/uploads\/2024\/09\/17-Lucenec-Synagogue-AH-25-08-2024-11-1024x768-640x480.jpg 400w,https:\/\/vaheurope.eu\/wp-content\/uploads\/2024\/09\/17-Lucenec-Synagogue-AH-25-08-2024-11-1024x768-640x480.jpg 2x\" data-envira-width=\"300\" data-envira-height=\"225\" srcset=\"data:image\/gif;base64,R0lGODlhAQABAIAAAP\/\/\/\/\/\/\/yH5BAEKAAEALAAAAAABAAEAAAICTAEAOw==\" data-safe-src=\"data:image\/gif;base64,R0lGODlhAQABAIAAAP\/\/\/\/\/\/\/yH5BAEKAAEALAAAAAABAAEAAAICTAEAOw==\" \/><\/a><\/div><\/div><div id=\"envira-gallery-item-1662\" class=\"envira-gallery-item enviratope-item envira-gallery-item-19 envira-lazy-load\" style=\"padding-left: 5px; padding-bottom: 10px; padding-right: 5px;\"  itemscope itemtype=\"https:\/\/schema.org\/ImageObject\"><div class=\"envira-gallery-item-inner\"><div class=\"envira-gallery-position-overlay  envira-gallery-top-left\"><\/div><div class=\"envira-gallery-position-overlay  envira-gallery-top-right\"><\/div><div class=\"envira-gallery-position-overlay  envira-gallery-bottom-left\"><\/div><div class=\"envira-gallery-position-overlay  envira-gallery-bottom-right\"><\/div><a href=\"https:\/\/vaheurope.eu\/wp-content\/uploads\/2024\/09\/18-Lucenec-Synagoga-CB-11-09-2024-1.jpg\" class=\"envira-gallery-1643 envira-gallery-link\" rel=\"enviragallery1643\" title=\"18 Synagogue-Mus\u00e9e de Lu\u010denec. Le chemin inconnu. Photo A.Hura-C.Bugan\" data-envira-caption=\"18 Synagogue-Mus\u00e9e de Lu\u010denec. Le chemin inconnu. Photo A.Hura-C.Bugan\" data-envira-retina=\"\" data-thumbnail=\"\"  itemprop=\"contentUrl\"><img id=\"envira-gallery-image-1662\" class=\"envira-gallery-image envira-gallery-image-19 envira-normal envira-lazy\" data-envira-index=\"19\" src=\"https:\/\/vaheurope.eu\/wp-content\/uploads\/2024\/09\/18-Lucenec-Synagoga-CB-11-09-2024-1-1024x768-640x480.jpg\" data-envira-src=\"https:\/\/vaheurope.eu\/wp-content\/uploads\/2024\/09\/18-Lucenec-Synagoga-CB-11-09-2024-1-1024x768-640x480.jpg\" data-envira-gallery-id=\"1643\" data-envira-item-id=\"1662\" data-envira-caption=\"18 Synagogue-Mus\u00e9e de Lu\u010denec. Le chemin inconnu. Photo A.Hura-C.Bugan\" alt=\"\" title=\"18 Synagogue-Mus\u00e9e de Lu\u010denec. Le chemin inconnu. Photo A.Hura-C.Bugan\"  itemprop=\"thumbnailUrl\" data-envira-srcset=\"https:\/\/vaheurope.eu\/wp-content\/uploads\/2024\/09\/18-Lucenec-Synagoga-CB-11-09-2024-1-1024x768-640x480.jpg 400w,https:\/\/vaheurope.eu\/wp-content\/uploads\/2024\/09\/18-Lucenec-Synagoga-CB-11-09-2024-1-1024x768-640x480.jpg 2x\" data-envira-width=\"300\" data-envira-height=\"225\" srcset=\"data:image\/gif;base64,R0lGODlhAQABAIAAAP\/\/\/\/\/\/\/yH5BAEKAAEALAAAAAABAAEAAAICTAEAOw==\" data-safe-src=\"data:image\/gif;base64,R0lGODlhAQABAIAAAP\/\/\/\/\/\/\/yH5BAEKAAEALAAAAAABAAEAAAICTAEAOw==\" \/><\/a><\/div><\/div><div id=\"envira-gallery-item-1663\" class=\"envira-gallery-item enviratope-item envira-gallery-item-20 envira-lazy-load\" style=\"padding-left: 5px; padding-bottom: 10px; padding-right: 5px;\"  itemscope itemtype=\"https:\/\/schema.org\/ImageObject\"><div class=\"envira-gallery-item-inner\"><div class=\"envira-gallery-position-overlay  envira-gallery-top-left\"><\/div><div class=\"envira-gallery-position-overlay  envira-gallery-top-right\"><\/div><div class=\"envira-gallery-position-overlay  envira-gallery-bottom-left\"><\/div><div class=\"envira-gallery-position-overlay  envira-gallery-bottom-right\"><\/div><a href=\"https:\/\/vaheurope.eu\/wp-content\/uploads\/2024\/09\/20-Lucenec-Synagogue-AH-11-09-2024-27-rotated.jpg\" class=\"envira-gallery-1643 envira-gallery-link\" rel=\"enviragallery1643\" title=\"20 Synagogue-Mus\u00e9e de Lu\u010denec. Photo A.Hura-C.Bugan\" data-envira-caption=\"20 Synagogue-Mus\u00e9e de Lu\u010denec. Photo A.Hura-C.Bugan\" data-envira-retina=\"\" data-thumbnail=\"\"  itemprop=\"contentUrl\"><img id=\"envira-gallery-image-1663\" class=\"envira-gallery-image envira-gallery-image-20 envira-normal envira-lazy\" data-envira-index=\"20\" src=\"https:\/\/vaheurope.eu\/wp-content\/uploads\/2024\/09\/20-Lucenec-Synagogue-AH-11-09-2024-27-768x1024-640x480.jpg\" data-envira-src=\"https:\/\/vaheurope.eu\/wp-content\/uploads\/2024\/09\/20-Lucenec-Synagogue-AH-11-09-2024-27-768x1024-640x480.jpg\" data-envira-gallery-id=\"1643\" data-envira-item-id=\"1663\" data-envira-caption=\"20 Synagogue-Mus\u00e9e de Lu\u010denec. Photo A.Hura-C.Bugan\" alt=\"\" title=\"20 Synagogue-Mus\u00e9e de Lu\u010denec. Photo A.Hura-C.Bugan\"  itemprop=\"thumbnailUrl\" data-envira-srcset=\"https:\/\/vaheurope.eu\/wp-content\/uploads\/2024\/09\/20-Lucenec-Synagogue-AH-11-09-2024-27-768x1024-640x480.jpg 400w,https:\/\/vaheurope.eu\/wp-content\/uploads\/2024\/09\/20-Lucenec-Synagogue-AH-11-09-2024-27-768x1024-640x480.jpg 2x\" data-envira-width=\"225\" data-envira-height=\"300\" srcset=\"data:image\/gif;base64,R0lGODlhAQABAIAAAP\/\/\/\/\/\/\/yH5BAEKAAEALAAAAAABAAEAAAICTAEAOw==\" data-safe-src=\"data:image\/gif;base64,R0lGODlhAQABAIAAAP\/\/\/\/\/\/\/yH5BAEKAAEALAAAAAABAAEAAAICTAEAOw==\" \/><\/a><\/div><\/div><\/div><\/div><noscript><img src=\"https:\/\/vaheurope.eu\/wp-content\/uploads\/2024\/09\/1-Lucenec-Synagogue-AH-25-08-2024-3.jpg\" alt=\"\" \/><img src=\"https:\/\/vaheurope.eu\/wp-content\/uploads\/2024\/09\/2-Lucenec-Synagogue-AH-25-08-2024-8.jpg\" alt=\"\" \/><img src=\"https:\/\/vaheurope.eu\/wp-content\/uploads\/2024\/09\/3-Lucenec-Synagogue-AH-25-08-2024-9-rotated.jpg\" alt=\"\" \/><img src=\"https:\/\/vaheurope.eu\/wp-content\/uploads\/2024\/09\/4-Lucenec-Synagoga-CB-11-09-2024-55.jpg\" alt=\"\" \/><img src=\"https:\/\/vaheurope.eu\/wp-content\/uploads\/2024\/09\/5-Lucenec-Synagoga-CB-11-09-2024-2.jpg\" alt=\"\" \/><img src=\"https:\/\/vaheurope.eu\/wp-content\/uploads\/2024\/09\/6-Lucenec-Synagogue-AH-11-09-2024-4-rotated.jpg\" alt=\"\" \/><img src=\"https:\/\/vaheurope.eu\/wp-content\/uploads\/2024\/09\/6A-Lucenec-Synagogue-AH-11-09-2024-11-rotated.jpg\" alt=\"\" \/><img src=\"https:\/\/vaheurope.eu\/wp-content\/uploads\/2024\/09\/7-Lucenec-Synagoga-CB-11-09-2024-14.jpg\" alt=\"\" \/><img src=\"https:\/\/vaheurope.eu\/wp-content\/uploads\/2024\/09\/8-Lucenec-Synagogue-AH-11-09-2024-5-rotated.jpg\" alt=\"\" \/><img src=\"https:\/\/vaheurope.eu\/wp-content\/uploads\/2024\/09\/9-Lucenec-Synagoga-CB-11-09-2024-32.jpg\" alt=\"\" \/><img src=\"https:\/\/vaheurope.eu\/wp-content\/uploads\/2024\/09\/10-Lucenec-Synagogue-AH-11-09-2024-3.jpg\" alt=\"\" \/><img src=\"https:\/\/vaheurope.eu\/wp-content\/uploads\/2024\/09\/11-Lucenec-Synagoga-CB-11-09-2024-19.jpg\" alt=\"\" \/><img src=\"https:\/\/vaheurope.eu\/wp-content\/uploads\/2024\/09\/12-Lucenec-Synagogue-AH-11-09-2024-7-rotated.jpg\" alt=\"\" \/><img src=\"https:\/\/vaheurope.eu\/wp-content\/uploads\/2024\/09\/13-Lucenec-Synagogue-AH-11-09-2024-19-rotated.jpg\" alt=\"\" \/><img src=\"https:\/\/vaheurope.eu\/wp-content\/uploads\/2024\/09\/14-Lucenec-Synagoga-CB-11-09-2024-28.jpg\" alt=\"\" \/><img src=\"https:\/\/vaheurope.eu\/wp-content\/uploads\/2024\/09\/15-Lucenec-Synagoga-CB-11-09-2024-23.jpg\" alt=\"\" \/><img src=\"https:\/\/vaheurope.eu\/wp-content\/uploads\/2024\/09\/16-Lucenec-Synagogue-AH-11-09-2024-14-rotated.jpg\" alt=\"\" \/><img src=\"https:\/\/vaheurope.eu\/wp-content\/uploads\/2024\/09\/17-Lucenec-Synagogue-AH-25-08-2024-11.jpg\" alt=\"\" \/><img src=\"https:\/\/vaheurope.eu\/wp-content\/uploads\/2024\/09\/18-Lucenec-Synagoga-CB-11-09-2024-1.jpg\" alt=\"\" \/><img src=\"https:\/\/vaheurope.eu\/wp-content\/uploads\/2024\/09\/20-Lucenec-Synagogue-AH-11-09-2024-27-rotated.jpg\" alt=\"\" \/><\/noscript><\/code><\/p>\n","protected":false},"excerpt":{"rendered":"<p>Mgr Alice Hura \u2013 Charles Bugan La synagogue de Lu\u010denec, un superbe \u00e9difice de style Art nouveau, est consid\u00e9r\u00e9e comme la plus grande synagogue de la Slovaquie. Class\u00e9e Monument culturel national de la Slovaquie le 4 septembre 2016. Cette Synagogue de style Art nouveau avec une synth\u00e8se d\u2019influences mauresque et byzantine, fut b\u00e2tie suivant le &hellip; <a href=\"https:\/\/vaheurope.eu\/?p=1638\" class=\"more-link\">Continuer la lecture<span class=\"screen-reader-text\"> de &laquo;&nbsp;La Synagogue \u2013 mus\u00e9e de la ville de Lu\u010denec&nbsp;&raquo;<\/span><\/a><\/p>\n","protected":false},"author":1,"featured_media":0,"comment_status":"closed","ping_status":"closed","sticky":false,"template":"","format":"standard","meta":[],"categories":[19,14,18,6],"tags":[],"jetpack_featured_media_url":"","_links":{"self":[{"href":"https:\/\/vaheurope.eu\/index.php?rest_route=\/wp\/v2\/posts\/1638"}],"collection":[{"href":"https:\/\/vaheurope.eu\/index.php?rest_route=\/wp\/v2\/posts"}],"about":[{"href":"https:\/\/vaheurope.eu\/index.php?rest_route=\/wp\/v2\/types\/post"}],"author":[{"embeddable":true,"href":"https:\/\/vaheurope.eu\/index.php?rest_route=\/wp\/v2\/users\/1"}],"replies":[{"embeddable":true,"href":"https:\/\/vaheurope.eu\/index.php?rest_route=%2Fwp%2Fv2%2Fcomments&post=1638"}],"version-history":[{"count":6,"href":"https:\/\/vaheurope.eu\/index.php?rest_route=\/wp\/v2\/posts\/1638\/revisions"}],"predecessor-version":[{"id":1665,"href":"https:\/\/vaheurope.eu\/index.php?rest_route=\/wp\/v2\/posts\/1638\/revisions\/1665"}],"wp:attachment":[{"href":"https:\/\/vaheurope.eu\/index.php?rest_route=%2Fwp%2Fv2%2Fmedia&parent=1638"}],"wp:term":[{"taxonomy":"category","embeddable":true,"href":"https:\/\/vaheurope.eu\/index.php?rest_route=%2Fwp%2Fv2%2Fcategories&post=1638"},{"taxonomy":"post_tag","embeddable":true,"href":"https:\/\/vaheurope.eu\/index.php?rest_route=%2Fwp%2Fv2%2Ftags&post=1638"}],"curies":[{"name":"wp","href":"https:\/\/api.w.org\/{rel}","templated":true}]}}